{"id":1510845,"date":"2024-09-07T20:14:10","date_gmt":"2024-09-07T20:14:10","guid":{"rendered":"https:\/\/ccocoa.com\/?p=1510845"},"modified":"2024-09-09T18:28:40","modified_gmt":"2024-09-09T18:28:40","slug":"dia-internacional-del-buzo-honrando-a-ricardo-l-vazquez-adame-pionero-del-buceo-industrial-en-mexico","status":"publish","type":"post","link":"https:\/\/ccocoa.com\/en\/dia-internacional-del-buzo-honrando-a-ricardo-l-vazquez-adame-pionero-del-buceo-industrial-en-mexico\/","title":{"rendered":"D\u00eda Internacional del Buzo: Honrando a Ricardo L. V\u00e1zquez Adame, Pionero del Buceo Industrial en M\u00e9xico"},"content":{"rendered":"<p>Hoy, 7 de Septiembre, celebramos el <strong>D\u00eda Internacional del Buzo<\/strong>, una fecha dedicada a honrar la valent\u00eda, el profesionalismo y la dedicaci\u00f3n de todos los buzos que trabajan incansablemente bajo las aguas para construir, mantener y explorar nuestro entorno marino.<\/p>\n<p><strong>&#x1f30a; \u00a1Feliz D\u00eda Internacional del Buzo! &#x1f30a;<\/strong><\/p>\n<p><a href=\"https:\/\/ccocoa.com\/wp-content\/uploads\/2024\/09\/buzo1.jpg\"><img fetchpriority=\"high\" decoding=\"async\" class=\"alignleft wp-image-1510846 size-medium\" src=\"https:\/\/ccocoa.com\/wp-content\/uploads\/2024\/09\/buzo1-259x300.jpg\" alt=\"Ricardo V\u00e1zquez Adame\" width=\"259\" height=\"300\" srcset=\"https:\/\/ccocoa.com\/wp-content\/uploads\/2024\/09\/buzo1-259x300.jpg 259w, https:\/\/ccocoa.com\/wp-content\/uploads\/2024\/09\/buzo1-10x12.jpg 10w, https:\/\/ccocoa.com\/wp-content\/uploads\/2024\/09\/buzo1-100x116.jpg 100w, https:\/\/ccocoa.com\/wp-content\/uploads\/2024\/09\/buzo1.jpg 690w\" sizes=\"(max-width: 259px) 100vw, 259px\" \/><\/a>En Corporativo Costa Afuera, esta celebraci\u00f3n tiene un significado muy especial. Nuestro fundador, Ricardo Lorenzo V\u00e1zquez Adame, nacido el 28 de septiembre de 1946, fue uno de los pioneros en el buceo industrial en M\u00e9xico. Adem\u00e1s, en los a\u00f1os 70, fund\u00f3 el <strong>Instituto Mexicano de Buceo Comercial<\/strong>, la primera escuela de buceo industrial en M\u00e9xico, formando a generaciones de profesionales altamente capacitados para trabajar en ambientes submarinos. En 1973, co-fund\u00f3 la reconocida empresa DIAVAZ, sentando las bases para una trayectoria de excelencia y compromiso con el desarrollo mar\u00edtimo.<\/p>\n<p>Gracias al legado de Ricardo y al esfuerzo continuo de su familia y un equipo de ingenieros altamente capacitados, <strong>Offshore Corporate<\/strong> se ha consolidado como una empresa con m\u00e1s de <strong>cuatro d\u00e9cadas de experiencia<\/strong> en:<\/p>\n<ul>\n<li><strong>Construcci\u00f3n de Muelles, Dragados y Escolleras<\/strong><\/li>\n<li><strong>Fabricaci\u00f3n de Plataformas Auto Elevables, C\u00e1maras Hiperb\u00e1ricas, Chalanes y Dragas<\/strong><\/li>\n<li><strong>Mantenimiento de Estructuras Marinas y Submarinas<\/strong><\/li>\n<li><strong>Construcci\u00f3n y Mantenimiento de Puentes Marinos<\/strong><\/li>\n<\/ul>\n<p>Nuestra misi\u00f3n siempre ha sido ofrecer trabajos de la m\u00e1s alta calidad en las \u00e1reas de <strong>Construcci\u00f3n Marina, Submarina y Terrestre<\/strong>, contribuyendo al desarrollo sostenible y eficiente de proyectos que requieren precisi\u00f3n y expertise t\u00e9cnico.<\/p>\n<p>En este d\u00eda tan especial, queremos rendir homenaje a todos los buzos que forman parte de nuestra historia y a aquellos que contin\u00faan impulsando la excelencia en cada proyecto que emprendemos. Su valent\u00eda y dedicaci\u00f3n son el coraz\u00f3n de <strong>Offshore Corporate<\/strong> y la raz\u00f3n por la que seguimos creciendo y superando desaf\u00edos.<\/p>\n<p><strong>Gracias por ser parte de nuestra familia y por su invaluable contribuci\u00f3n al mundo del buceo industrial.<\/strong><\/p>\n<p>\u00a1Feliz D\u00eda Internacional del Buzo! &#x1f420;&#x1f93f;<\/p>\n<div id=\"attachment_1510853\" style=\"width: 689px\" class=\"wp-caption aligncenter\"><a href=\"https:\/\/ccocoa.com\/wp-content\/uploads\/2024\/09\/subacuatica.jpg\"><img decoding=\"async\" aria-describedby=\"caption-attachment-1510853\" class=\"wp-image-1510853 size-large\" src=\"https:\/\/ccocoa.com\/wp-content\/uploads\/2024\/09\/subacuatica-679x1024.jpg\" alt=\"Instituto Mexicano de Buceo Comercial, Ricardo V\u00e1zquez Adame\" width=\"679\" height=\"1024\" srcset=\"https:\/\/ccocoa.com\/wp-content\/uploads\/2024\/09\/subacuatica-679x1024.jpg 679w, https:\/\/ccocoa.com\/wp-content\/uploads\/2024\/09\/subacuatica-199x300.jpg 199w, https:\/\/ccocoa.com\/wp-content\/uploads\/2024\/09\/subacuatica-768x1158.jpg 768w, https:\/\/ccocoa.com\/wp-content\/uploads\/2024\/09\/subacuatica-1019x1536.jpg 1019w, https:\/\/ccocoa.com\/wp-content\/uploads\/2024\/09\/subacuatica-8x12.jpg 8w, https:\/\/ccocoa.com\/wp-content\/uploads\/2024\/09\/subacuatica-100x151.jpg 100w, https:\/\/ccocoa.com\/wp-content\/uploads\/2024\/09\/subacuatica-862x1300.jpg 862w, https:\/\/ccocoa.com\/wp-content\/uploads\/2024\/09\/subacuatica-1000x1508.jpg 1000w, https:\/\/ccocoa.com\/wp-content\/uploads\/2024\/09\/subacuatica.jpg 1061w\" sizes=\"(max-width: 679px) 100vw, 679px\" \/><\/a><p id=\"caption-attachment-1510853\" class=\"wp-caption-text\">Este art\u00edculo, publicado el 24 de marzo de 1979, destaca la preparaci\u00f3n de los primeros 15 buzos profesionales en M\u00e9xico por parte de la Constructora Subacu\u00e1tica Diavaz, S.A., una empresa pionera en el campo del buceo industrial. Bajo la direcci\u00f3n del Ingeniero Ricardo L. V\u00e1zquez Adame, cofundador de Diavaz y visionario en la creaci\u00f3n de la primera escuela de buceo industrial en el pa\u00eds, se llevaron a cabo entrenamientos especializados para formar a los primeros buzos certificados. Esta iniciativa fue fundamental para el desarrollo de la industria del buceo profesional en M\u00e9xico, en especial para la construcci\u00f3n y mantenimiento de infraestructura marina.<\/p><\/div>","protected":false},"excerpt":{"rendered":"<p>Hoy, 7 de Septiembre, celebramos el D\u00eda Internacional del Buzo, una fecha dedicada a honrar la valent\u00eda, el profesionalismo y la dedicaci\u00f3n de todos los buzos que trabajan incansablemente bajo las aguas para construir, mantener y explorar nuestro entorno marino. &#x1f30a; \u00a1Feliz D\u00eda Internacional del Buzo! &#x1f30a; En Corporativo Costa Afuera, esta celebraci\u00f3n tiene un significado muy especial. Nuestro fundador, &#8230;<\/p>","protected":false},"author":3,"featured_media":1510849,"comment_status":"closed","ping_status":"open","sticky":false,"template":"","format":"standard","meta":{"footnotes":""},"categories":[98,115,80],"tags":[81,300195,300196,300194],"class_list":["post-1510845","post","type-post","status-publish","format-standard","has-post-thumbnail","hentry","category-blog","category-buceo","category-historia","tag-buceo","tag-buceo-industrial","tag-historia-del-buceo","tag-ricardo-l-vazquez-adame"],"yoast_head":"<!-- This site is optimized with the Yoast SEO plugin v24.3 - https:\/\/yoast.com\/wordpress\/plugins\/seo\/ -->\n<title>D\u00eda Internacional del Buzo: Honrando a Ricardo L. V\u00e1zquez Adame, Pionero del Buceo Industrial en M\u00e9xico -<\/title>\n<meta name=\"robots\" content=\"index, follow, max-snippet:-1, max-image-preview:large, max-video-preview:-1\" \/>\n<link rel=\"canonical\" href=\"https:\/\/ccocoa.com\/en\/dia-internacional-del-buzo-honrando-a-ricardo-l-vazquez-adame-pionero-del-buceo-industrial-en-mexico\/\" \/>\n<meta property=\"og:locale\" content=\"en_US\" \/>\n<meta property=\"og:type\" content=\"article\" \/>\n<meta property=\"og:title\" content=\"D\u00eda Internacional del Buzo: Honrando a Ricardo L. V\u00e1zquez Adame, Pionero del Buceo Industrial en M\u00e9xico -\" \/>\n<meta property=\"og:description\" content=\"Hoy, 7 de Septiembre, celebramos el D\u00eda Internacional del Buzo, una fecha dedicada a honrar la valent\u00eda, el profesionalismo y la dedicaci\u00f3n de todos los buzos que trabajan incansablemente bajo las aguas para construir, mantener y explorar nuestro entorno marino. &#x1f30a; \u00a1Feliz D\u00eda Internacional del Buzo! &#x1f30a; En Corporativo Costa Afuera, esta celebraci\u00f3n tiene un significado muy especial. Nuestro fundador, ...\" \/>\n<meta property=\"og:url\" content=\"https:\/\/ccocoa.com\/en\/dia-internacional-del-buzo-honrando-a-ricardo-l-vazquez-adame-pionero-del-buceo-industrial-en-mexico\/\" \/>\n<meta property=\"og:site_name\" content=\"Corporativo Costa Afuera\" \/>\n<meta property=\"article:publisher\" content=\"https:\/\/www.facebook.com\/CorporativoCostaAfuera\/\" \/>\n<meta property=\"article:published_time\" content=\"2024-09-07T20:14:10+00:00\" \/>\n<meta property=\"article:modified_time\" content=\"2024-09-09T18:28:40+00:00\" \/>\n<meta property=\"og:image\" content=\"https:\/\/ccocoa.com\/wp-content\/uploads\/2024\/09\/ricardolvazquezadame.png\" \/>\n\t<meta property=\"og:image:width\" content=\"1200\" \/>\n\t<meta property=\"og:image:height\" content=\"628\" \/>\n\t<meta property=\"og:image:type\" content=\"image\/png\" \/>\n<meta name=\"author\" content=\"Corporativo Costa Afuera\" \/>\n<meta name=\"twitter:label1\" content=\"Written by\" \/>\n\t<meta name=\"twitter:data1\" content=\"Corporativo Costa Afuera\" \/>\n\t<meta name=\"twitter:label2\" content=\"Est. reading time\" \/>\n\t<meta name=\"twitter:data2\" content=\"3 minutes\" \/>\n<script type=\"application\/ld+json\" class=\"yoast-schema-graph\">{\"@context\":\"https:\/\/schema.org\",\"@graph\":[{\"@type\":\"Article\",\"@id\":\"https:\/\/ccocoa.com\/dia-internacional-del-buzo-honrando-a-ricardo-l-vazquez-adame-pionero-del-buceo-industrial-en-mexico\/#article\",\"isPartOf\":{\"@id\":\"https:\/\/ccocoa.com\/dia-internacional-del-buzo-honrando-a-ricardo-l-vazquez-adame-pionero-del-buceo-industrial-en-mexico\/\"},\"author\":{\"name\":\"Corporativo Costa Afuera\",\"@id\":\"https:\/\/ccocoa.com\/#\/schema\/person\/c31002286a6eefde7969b393dae854fb\"},\"headline\":\"D\u00eda Internacional del Buzo: Honrando a Ricardo L. V\u00e1zquez Adame, Pionero del Buceo Industrial en M\u00e9xico\",\"datePublished\":\"2024-09-07T20:14:10+00:00\",\"dateModified\":\"2024-09-09T18:28:40+00:00\",\"mainEntityOfPage\":{\"@id\":\"https:\/\/ccocoa.com\/dia-internacional-del-buzo-honrando-a-ricardo-l-vazquez-adame-pionero-del-buceo-industrial-en-mexico\/\"},\"wordCount\":481,\"publisher\":{\"@id\":\"https:\/\/ccocoa.com\/#organization\"},\"image\":{\"@id\":\"https:\/\/ccocoa.com\/dia-internacional-del-buzo-honrando-a-ricardo-l-vazquez-adame-pionero-del-buceo-industrial-en-mexico\/#primaryimage\"},\"thumbnailUrl\":\"https:\/\/ccocoa.com\/wp-content\/uploads\/2024\/09\/ricardolvazquezadame.png\",\"keywords\":[\"buceo\",\"buceo industrial\",\"historia del buceo\",\"Ricardo L vazquez Adame\"],\"articleSection\":[\"Blog\",\"Buceo\",\"Historia\"],\"inLanguage\":\"en-US\"},{\"@type\":\"WebPage\",\"@id\":\"https:\/\/ccocoa.com\/dia-internacional-del-buzo-honrando-a-ricardo-l-vazquez-adame-pionero-del-buceo-industrial-en-mexico\/\",\"url\":\"https:\/\/ccocoa.com\/dia-internacional-del-buzo-honrando-a-ricardo-l-vazquez-adame-pionero-del-buceo-industrial-en-mexico\/\",\"name\":\"D\u00eda Internacional del Buzo: Honrando a Ricardo L. V\u00e1zquez Adame, Pionero del Buceo Industrial en M\u00e9xico -\",\"isPartOf\":{\"@id\":\"https:\/\/ccocoa.com\/#website\"},\"primaryImageOfPage\":{\"@id\":\"https:\/\/ccocoa.com\/dia-internacional-del-buzo-honrando-a-ricardo-l-vazquez-adame-pionero-del-buceo-industrial-en-mexico\/#primaryimage\"},\"image\":{\"@id\":\"https:\/\/ccocoa.com\/dia-internacional-del-buzo-honrando-a-ricardo-l-vazquez-adame-pionero-del-buceo-industrial-en-mexico\/#primaryimage\"},\"thumbnailUrl\":\"https:\/\/ccocoa.com\/wp-content\/uploads\/2024\/09\/ricardolvazquezadame.png\",\"datePublished\":\"2024-09-07T20:14:10+00:00\",\"dateModified\":\"2024-09-09T18:28:40+00:00\",\"breadcrumb\":{\"@id\":\"https:\/\/ccocoa.com\/dia-internacional-del-buzo-honrando-a-ricardo-l-vazquez-adame-pionero-del-buceo-industrial-en-mexico\/#breadcrumb\"},\"inLanguage\":\"en-US\",\"potentialAction\":[{\"@type\":\"ReadAction\",\"target\":[\"https:\/\/ccocoa.com\/dia-internacional-del-buzo-honrando-a-ricardo-l-vazquez-adame-pionero-del-buceo-industrial-en-mexico\/\"]}]},{\"@type\":\"ImageObject\",\"inLanguage\":\"en-US\",\"@id\":\"https:\/\/ccocoa.com\/dia-internacional-del-buzo-honrando-a-ricardo-l-vazquez-adame-pionero-del-buceo-industrial-en-mexico\/#primaryimage\",\"url\":\"https:\/\/ccocoa.com\/wp-content\/uploads\/2024\/09\/ricardolvazquezadame.png\",\"contentUrl\":\"https:\/\/ccocoa.com\/wp-content\/uploads\/2024\/09\/ricardolvazquezadame.png\",\"width\":1200,\"height\":628},{\"@type\":\"BreadcrumbList\",\"@id\":\"https:\/\/ccocoa.com\/dia-internacional-del-buzo-honrando-a-ricardo-l-vazquez-adame-pionero-del-buceo-industrial-en-mexico\/#breadcrumb\",\"itemListElement\":[{\"@type\":\"ListItem\",\"position\":1,\"name\":\"Portada\",\"item\":\"https:\/\/ccocoa.com\/\"},{\"@type\":\"ListItem\",\"position\":2,\"name\":\"D\u00eda Internacional del Buzo: Honrando a Ricardo L. V\u00e1zquez Adame, Pionero del Buceo Industrial en M\u00e9xico\"}]},{\"@type\":\"WebSite\",\"@id\":\"https:\/\/ccocoa.com\/#website\",\"url\":\"https:\/\/ccocoa.com\/\",\"name\":\"Corporativo Costa Afuera\",\"description\":\"Construcci\u00f3n Marina y Submarina\",\"publisher\":{\"@id\":\"https:\/\/ccocoa.com\/#organization\"},\"potentialAction\":[{\"@type\":\"SearchAction\",\"target\":{\"@type\":\"EntryPoint\",\"urlTemplate\":\"https:\/\/ccocoa.com\/?s={search_term_string}\"},\"query-input\":{\"@type\":\"PropertyValueSpecification\",\"valueRequired\":true,\"valueName\":\"search_term_string\"}}],\"inLanguage\":\"en-US\"},{\"@type\":\"Organization\",\"@id\":\"https:\/\/ccocoa.com\/#organization\",\"name\":\"Corporativo Costa Afuera\",\"url\":\"https:\/\/ccocoa.com\/\",\"logo\":{\"@type\":\"ImageObject\",\"inLanguage\":\"en-US\",\"@id\":\"https:\/\/ccocoa.com\/#\/schema\/logo\/image\/\",\"url\":\"https:\/\/ccocoa.com\/wp-content\/uploads\/2018\/02\/logo.png\",\"contentUrl\":\"https:\/\/ccocoa.com\/wp-content\/uploads\/2018\/02\/logo.png\",\"width\":100,\"height\":100,\"caption\":\"Corporativo Costa Afuera\"},\"image\":{\"@id\":\"https:\/\/ccocoa.com\/#\/schema\/logo\/image\/\"},\"sameAs\":[\"https:\/\/www.facebook.com\/CorporativoCostaAfuera\/\",\"https:\/\/x.com\/CorpCostaAfuera\",\"https:\/\/www.tiktok.com\/@corporativocostaafuera\"]},{\"@type\":\"Person\",\"@id\":\"https:\/\/ccocoa.com\/#\/schema\/person\/c31002286a6eefde7969b393dae854fb\",\"name\":\"Corporativo Costa Afuera\",\"image\":{\"@type\":\"ImageObject\",\"inLanguage\":\"en-US\",\"@id\":\"https:\/\/ccocoa.com\/#\/schema\/person\/image\/\",\"url\":\"https:\/\/secure.gravatar.com\/avatar\/7b6687d1bccacadb957f7438b6f668f2c6bd7b8b03791d054732cd0bc9c49cba?s=96&d=mm&r=g\",\"contentUrl\":\"https:\/\/secure.gravatar.com\/avatar\/7b6687d1bccacadb957f7438b6f668f2c6bd7b8b03791d054732cd0bc9c49cba?s=96&d=mm&r=g\",\"caption\":\"Corporativo Costa Afuera\"}}]}<\/script>\n<!-- \/ Yoast SEO plugin. -->","yoast_head_json":{"title":"D\u00eda Internacional del Buzo: Honrando a Ricardo L. V\u00e1zquez Adame, Pionero del Buceo Industrial en M\u00e9xico -","robots":{"index":"index","follow":"follow","max-snippet":"max-snippet:-1","max-image-preview":"max-image-preview:large","max-video-preview":"max-video-preview:-1"},"canonical":"https:\/\/ccocoa.com\/en\/dia-internacional-del-buzo-honrando-a-ricardo-l-vazquez-adame-pionero-del-buceo-industrial-en-mexico\/","og_locale":"en_US","og_type":"article","og_title":"D\u00eda Internacional del Buzo: Honrando a Ricardo L. V\u00e1zquez Adame, Pionero del Buceo Industrial en M\u00e9xico -","og_description":"Hoy, 7 de Septiembre, celebramos el D\u00eda Internacional del Buzo, una fecha dedicada a honrar la valent\u00eda, el profesionalismo y la dedicaci\u00f3n de todos los buzos que trabajan incansablemente bajo las aguas para construir, mantener y explorar nuestro entorno marino. &#x1f30a; \u00a1Feliz D\u00eda Internacional del Buzo! &#x1f30a; En Corporativo Costa Afuera, esta celebraci\u00f3n tiene un significado muy especial. Nuestro fundador, ...","og_url":"https:\/\/ccocoa.com\/en\/dia-internacional-del-buzo-honrando-a-ricardo-l-vazquez-adame-pionero-del-buceo-industrial-en-mexico\/","og_site_name":"Corporativo Costa Afuera","article_publisher":"https:\/\/www.facebook.com\/CorporativoCostaAfuera\/","article_published_time":"2024-09-07T20:14:10+00:00","article_modified_time":"2024-09-09T18:28:40+00:00","og_image":[{"width":1200,"height":628,"url":"https:\/\/ccocoa.com\/wp-content\/uploads\/2024\/09\/ricardolvazquezadame.png","type":"image\/png"}],"author":"Corporativo Costa Afuera","twitter_misc":{"Written by":"Corporativo Costa Afuera","Est. reading time":"3 minutes"},"schema":{"@context":"https:\/\/schema.org","@graph":[{"@type":"Article","@id":"https:\/\/ccocoa.com\/dia-internacional-del-buzo-honrando-a-ricardo-l-vazquez-adame-pionero-del-buceo-industrial-en-mexico\/#article","isPartOf":{"@id":"https:\/\/ccocoa.com\/dia-internacional-del-buzo-honrando-a-ricardo-l-vazquez-adame-pionero-del-buceo-industrial-en-mexico\/"},"author":{"name":"Corporativo Costa Afuera","@id":"https:\/\/ccocoa.com\/#\/schema\/person\/c31002286a6eefde7969b393dae854fb"},"headline":"D\u00eda Internacional del Buzo: Honrando a Ricardo L. V\u00e1zquez Adame, Pionero del Buceo Industrial en M\u00e9xico","datePublished":"2024-09-07T20:14:10+00:00","dateModified":"2024-09-09T18:28:40+00:00","mainEntityOfPage":{"@id":"https:\/\/ccocoa.com\/dia-internacional-del-buzo-honrando-a-ricardo-l-vazquez-adame-pionero-del-buceo-industrial-en-mexico\/"},"wordCount":481,"publisher":{"@id":"https:\/\/ccocoa.com\/#organization"},"image":{"@id":"https:\/\/ccocoa.com\/dia-internacional-del-buzo-honrando-a-ricardo-l-vazquez-adame-pionero-del-buceo-industrial-en-mexico\/#primaryimage"},"thumbnailUrl":"https:\/\/ccocoa.com\/wp-content\/uploads\/2024\/09\/ricardolvazquezadame.png","keywords":["buceo","buceo industrial","historia del buceo","Ricardo L vazquez Adame"],"articleSection":["Blog","Buceo","Historia"],"inLanguage":"en-US"},{"@type":"WebPage","@id":"https:\/\/ccocoa.com\/dia-internacional-del-buzo-honrando-a-ricardo-l-vazquez-adame-pionero-del-buceo-industrial-en-mexico\/","url":"https:\/\/ccocoa.com\/dia-internacional-del-buzo-honrando-a-ricardo-l-vazquez-adame-pionero-del-buceo-industrial-en-mexico\/","name":"D\u00eda Internacional del Buzo: Honrando a Ricardo L. V\u00e1zquez Adame, Pionero del Buceo Industrial en M\u00e9xico -","isPartOf":{"@id":"https:\/\/ccocoa.com\/#website"},"primaryImageOfPage":{"@id":"https:\/\/ccocoa.com\/dia-internacional-del-buzo-honrando-a-ricardo-l-vazquez-adame-pionero-del-buceo-industrial-en-mexico\/#primaryimage"},"image":{"@id":"https:\/\/ccocoa.com\/dia-internacional-del-buzo-honrando-a-ricardo-l-vazquez-adame-pionero-del-buceo-industrial-en-mexico\/#primaryimage"},"thumbnailUrl":"https:\/\/ccocoa.com\/wp-content\/uploads\/2024\/09\/ricardolvazquezadame.png","datePublished":"2024-09-07T20:14:10+00:00","dateModified":"2024-09-09T18:28:40+00:00","breadcrumb":{"@id":"https:\/\/ccocoa.com\/dia-internacional-del-buzo-honrando-a-ricardo-l-vazquez-adame-pionero-del-buceo-industrial-en-mexico\/#breadcrumb"},"inLanguage":"en-US","potentialAction":[{"@type":"ReadAction","target":["https:\/\/ccocoa.com\/dia-internacional-del-buzo-honrando-a-ricardo-l-vazquez-adame-pionero-del-buceo-industrial-en-mexico\/"]}]},{"@type":"ImageObject","inLanguage":"en-US","@id":"https:\/\/ccocoa.com\/dia-internacional-del-buzo-honrando-a-ricardo-l-vazquez-adame-pionero-del-buceo-industrial-en-mexico\/#primaryimage","url":"https:\/\/ccocoa.com\/wp-content\/uploads\/2024\/09\/ricardolvazquezadame.png","contentUrl":"https:\/\/ccocoa.com\/wp-content\/uploads\/2024\/09\/ricardolvazquezadame.png","width":1200,"height":628},{"@type":"BreadcrumbList","@id":"https:\/\/ccocoa.com\/dia-internacional-del-buzo-honrando-a-ricardo-l-vazquez-adame-pionero-del-buceo-industrial-en-mexico\/#breadcrumb","itemListElement":[{"@type":"ListItem","position":1,"name":"Portada","item":"https:\/\/ccocoa.com\/"},{"@type":"ListItem","position":2,"name":"D\u00eda Internacional del Buzo: Honrando a Ricardo L. V\u00e1zquez Adame, Pionero del Buceo Industrial en M\u00e9xico"}]},{"@type":"WebSite","@id":"https:\/\/ccocoa.com\/#website","url":"https:\/\/ccocoa.com\/","name":"Corporativo Costa Afuera","description":"Construcci\u00f3n Marina y Submarina","publisher":{"@id":"https:\/\/ccocoa.com\/#organization"},"potentialAction":[{"@type":"SearchAction","target":{"@type":"EntryPoint","urlTemplate":"https:\/\/ccocoa.com\/?s={search_term_string}"},"query-input":{"@type":"PropertyValueSpecification","valueRequired":true,"valueName":"search_term_string"}}],"inLanguage":"en-US"},{"@type":"Organization","@id":"https:\/\/ccocoa.com\/#organization","name":"Corporativo Costa Afuera","url":"https:\/\/ccocoa.com\/","logo":{"@type":"ImageObject","inLanguage":"en-US","@id":"https:\/\/ccocoa.com\/#\/schema\/logo\/image\/","url":"https:\/\/ccocoa.com\/wp-content\/uploads\/2018\/02\/logo.png","contentUrl":"https:\/\/ccocoa.com\/wp-content\/uploads\/2018\/02\/logo.png","width":100,"height":100,"caption":"Corporativo Costa Afuera"},"image":{"@id":"https:\/\/ccocoa.com\/#\/schema\/logo\/image\/"},"sameAs":["https:\/\/www.facebook.com\/CorporativoCostaAfuera\/","https:\/\/x.com\/CorpCostaAfuera","https:\/\/www.tiktok.com\/@corporativocostaafuera"]},{"@type":"Person","@id":"https:\/\/ccocoa.com\/#\/schema\/person\/c31002286a6eefde7969b393dae854fb","name":"Corporativo Costa Afuera","image":{"@type":"ImageObject","inLanguage":"en-US","@id":"https:\/\/ccocoa.com\/#\/schema\/person\/image\/","url":"https:\/\/secure.gravatar.com\/avatar\/7b6687d1bccacadb957f7438b6f668f2c6bd7b8b03791d054732cd0bc9c49cba?s=96&d=mm&r=g","contentUrl":"https:\/\/secure.gravatar.com\/avatar\/7b6687d1bccacadb957f7438b6f668f2c6bd7b8b03791d054732cd0bc9c49cba?s=96&d=mm&r=g","caption":"Corporativo Costa Afuera"}}]}},"_links":{"self":[{"href":"https:\/\/ccocoa.com\/en\/wp-json\/wp\/v2\/posts\/1510845","targetHints":{"allow":["GET"]}}],"collection":[{"href":"https:\/\/ccocoa.com\/en\/wp-json\/wp\/v2\/posts"}],"about":[{"href":"https:\/\/ccocoa.com\/en\/wp-json\/wp\/v2\/types\/post"}],"author":[{"embeddable":true,"href":"https:\/\/ccocoa.com\/en\/wp-json\/wp\/v2\/users\/3"}],"replies":[{"embeddable":true,"href":"https:\/\/ccocoa.com\/en\/wp-json\/wp\/v2\/comments?post=1510845"}],"version-history":[{"count":7,"href":"https:\/\/ccocoa.com\/en\/wp-json\/wp\/v2\/posts\/1510845\/revisions"}],"predecessor-version":[{"id":1510859,"href":"https:\/\/ccocoa.com\/en\/wp-json\/wp\/v2\/posts\/1510845\/revisions\/1510859"}],"wp:featuredmedia":[{"embeddable":true,"href":"https:\/\/ccocoa.com\/en\/wp-json\/wp\/v2\/media\/1510849"}],"wp:attachment":[{"href":"https:\/\/ccocoa.com\/en\/wp-json\/wp\/v2\/media?parent=1510845"}],"wp:term":[{"taxonomy":"category","embeddable":true,"href":"https:\/\/ccocoa.com\/en\/wp-json\/wp\/v2\/categories?post=1510845"},{"taxonomy":"post_tag","embeddable":true,"href":"https:\/\/ccocoa.com\/en\/wp-json\/wp\/v2\/tags?post=1510845"}],"curies":[{"name":"wp","href":"https:\/\/api.w.org\/{rel}","templated":true}]}}